{"id":12195,"date":"2024-09-15T21:17:00","date_gmt":"2024-09-15T21:17:00","guid":{"rendered":"http:\/\/reimaginetextile.com\/?p=12195"},"modified":"2025-04-30T09:16:00","modified_gmt":"2025-04-30T09:16:00","slug":"elementor-12195","status":"publish","type":"post","link":"https:\/\/reimaginetextile.com\/es\/elementor-12195\/","title":{"rendered":"Jornada TEX &amp; TECH by Reimagine Textile, la jornada de innovaci\u00f3n del sector textil catal\u00e1n."},"content":{"rendered":"\t\t<div data-elementor-type=\"wp-post\" data-elementor-id=\"12195\" class=\"elementor elementor-12195 elementor-9722\">\n\t\t\t\t\t\t<section class=\"elementor-section elementor-top-section elementor-element elementor-element-848d57b elementor-section-boxed elementor-section-height-default elementor-section-height-default\" data-id=\"848d57b\" data-element_type=\"section\" data-e-type=\"section\" data-settings=\"{&quot;tc_dark_mode_responsive_hide_in_dark&quot;:&quot;no&quot;,&quot;tc_dark_mode_responsive_hide_in_light&quot;:&quot;no&quot;}\">\n\t\t\t\t\t\t<div class=\"elementor-container elementor-column-gap-default\">\n\t\t\t\t\t<div class=\"elementor-column elementor-col-100 elementor-top-column elementor-element elementor-element-6a7f3ce\" data-id=\"6a7f3ce\" data-element_type=\"column\" data-e-type=\"column\" data-settings=\"{&quot;tc_dark_mode_responsive_hide_in_dark&quot;:&quot;no&quot;,&quot;tc_dark_mode_responsive_hide_in_light&quot;:&quot;no&quot;}\">\n\t\t\t<div class=\"elementor-widget-wrap elementor-element-populated\">\n\t\t\t\t\t\t<section class=\"elementor-section elementor-inner-section elementor-element elementor-element-665a271 elementor-section-boxed elementor-section-height-default elementor-section-height-default\" data-id=\"665a271\" data-element_type=\"section\" data-e-type=\"section\" data-settings=\"{&quot;tc_dark_mode_responsive_hide_in_dark&quot;:&quot;no&quot;,&quot;tc_dark_mode_responsive_hide_in_light&quot;:&quot;no&quot;}\">\n\t\t\t\t\t\t<div class=\"elementor-container elementor-column-gap-default\">\n\t\t\t\t\t<div class=\"elementor-column elementor-col-100 elementor-inner-column elementor-element elementor-element-d84317a\" data-id=\"d84317a\" data-element_type=\"column\" data-e-type=\"column\" data-settings=\"{&quot;tc_dark_mode_responsive_hide_in_dark&quot;:&quot;no&quot;,&quot;tc_dark_mode_responsive_hide_in_light&quot;:&quot;no&quot;}\">\n\t\t\t<div class=\"elementor-widget-wrap elementor-element-populated\">\n\t\t\t\t\t\t<div class=\"elementor-element elementor-element-dd209cc elementor-widget elementor-widget-text-editor\" data-id=\"dd209cc\" data-element_type=\"widget\" data-e-type=\"widget\" data-settings=\"{&quot;tc_dark_mode_responsive_hide_in_dark&quot;:&quot;no&quot;,&quot;tc_dark_mode_responsive_hide_in_light&quot;:&quot;no&quot;}\" data-widget_type=\"text-editor.default\">\n\t\t\t\t<div class=\"elementor-widget-container\">\n\t\t\t\t\t\t\t\t\t<p><strong>D\u00eda: 18 de octubre de 2023<br \/><\/strong><strong>Hora: 16h a 19h<br \/><\/strong><strong>Lugar:\u00a0<a href=\"https:\/\/goo.gl\/maps\/8a87PMtB9VBJGibT7\" target=\"_blank\" rel=\"noopener\">Centro de Congresos TecnoCampus de Matar\u00f3<\/a><br \/><\/strong><strong>Organizan: Ayuntamiento de Matar\u00f3, TecnoCampus y Eurecat<\/strong><\/p>\t\t\t\t\t\t\t\t<\/div>\n\t\t\t\t<\/div>\n\t\t\t\t<div class=\"elementor-element elementor-element-b3ab996 elementor-widget elementor-widget-text-editor\" data-id=\"b3ab996\" data-element_type=\"widget\" data-e-type=\"widget\" data-settings=\"{&quot;tc_dark_mode_responsive_hide_in_dark&quot;:&quot;no&quot;,&quot;tc_dark_mode_responsive_hide_in_light&quot;:&quot;no&quot;}\" data-widget_type=\"text-editor.default\">\n\t\t\t\t<div class=\"elementor-widget-container\">\n\t\t\t\t\t\t\t\t\t<article dir=\"auto\" data-testid=\"conversation-turn-20\" data-scroll-anchor=\"true\">\n<div>\n<div tabindex=\"-1\">\n<div>\n<div>\n<div>\n<div dir=\"auto\" data-message-author-role=\"assistant\" data-message-id=\"67f443fd-8582-4c89-be38-2a5102676274\" data-message-model-slug=\"gpt-4o\">\n<div>\n<div>\n<p data-start=\"0\" data-end=\"205\">Esta jornada promete ser una oportunidad \u00fanica para <strong>explorar el impacto que est\u00e1 teniendo la inteligencia artificial en la industria textil<\/strong> y descubrir cu\u00e1les son las tendencias que comienzan a dibujarse.<span style=\"text-align: center;\">&nbsp;<\/span><\/p>\n<\/div>\n<\/div>\n<\/div>\n<\/div>\n<\/div>\n<\/div>\n<\/div>\n<\/div>\n<\/article>\n<p><strong>Conecta con expertos y empresas l\u00edderes en el sector<\/strong> y descubre nuevas propuestas de la mano de los finalistas de los Premios Reimagine Textile 2023.<\/p>\n<h3><strong>AGENDA<\/strong><\/h3>\n<p>15:40h&nbsp;<strong>Registro y bienvenida<\/strong><\/p>\n<p>16:00h<strong>&nbsp;Conferencia inaugural \u201cLas oportunidades de la IA en la ind\u00fastria del Textil\u201d<br><\/strong><a href=\"https:\/\/asierarranz.com\/\" target=\"_blank\" rel=\"noopener\"><strong>Asier Arranz<\/strong><\/a>, y&nbsp;<a href=\"https:\/\/www.linkedin.com\/in\/xaviermitjana\/?originalSubdomain=es\" target=\"_blank\" rel=\"noopener\"><strong>Xavier&nbsp;Mitjana<\/strong><\/a>, expertos y divulgadores en IA.<\/p>\n<p>16:45h&nbsp;<strong>Business Cases:<\/strong><\/p>\n<ul>\n<li><a href=\"https:\/\/neuralfashion.ai\/\" target=\"_blank\" rel=\"noopener\"><span><strong>NEURAL FASHION AI<\/strong><\/span><\/a><span>: Como la IA est\u00e1 revolucionando el mundo de la moda<\/span><\/li>\n<\/ul>\n<p>17:30h<strong>&nbsp;Entrega de los Premios Reimagine Textile<\/strong><\/p>\n<p>18:00h<strong> Catering-Networking con showroom tecnol\u00f3gico.<\/strong><\/p>\n<h3><strong>Descubre los finalistas de los Premios Reimagine Textile<\/strong><\/h3>\n<h4><strong>CATEGOR\u00cdA:&nbsp;SOSTENIBILIDAD<\/strong><\/h4>\n<table>\n<tbody>\n<tr>\n<td>\n<ul>\n<li><strong>My Little Closet<\/strong><\/li>\n<\/ul>\n<\/td>\n<td>Plataforma de alquiler de ropa para ni\u00f1os de 0 a 3 a\u00f1os.<\/td>\n<\/tr>\n<tr>\n<td>\n<ul>\n<li><strong>Rubylab Circular Textiles<\/strong><\/li>\n<\/ul>\n<\/td>\n<td>Mecanismo tecnol\u00f3gico para el reciclaje del elastano.<\/td>\n<\/tr>\n<tr>\n<td>\n<ul>\n<li><strong>Infinite Athletic<\/strong><\/li>\n<\/ul>\n<\/td>\n<td>Ropa deportiva hecha a partir de cordajes de raquetas de tenis.<\/td>\n<\/tr>\n<tr>\n<td>\n<ul>\n<li><strong>Coera Brand<\/strong><\/li>\n<\/ul>\n<\/td>\n<td>Ropa y accesorios de cuero vegano hechos con piel de manzana.<\/td>\n<\/tr>\n<tr>\n<td>\n<ul>\n<li><strong>4 Draps<\/strong><\/li>\n<\/ul>\n<\/td>\n<td>M\u00e9todo para reutilizar los residuos preconsumo del sector textil.<\/td>\n<\/tr>\n<\/tbody>\n<\/table>\n<h4><strong>CATEGOR\u00cdA: MODELO DE NEGOCIO DIGITAL<\/strong><\/h4>\n<table>\n<tbody>\n<tr>\n<td>\n<ul>\n<li><strong>Hand Poem<\/strong><\/li>\n<\/ul>\n<\/td>\n<td>Guante sensorial para la mejora cognitiva de las personas.<\/td>\n<\/tr>\n<tr>\n<td>\n<ul>\n<li><strong>My Little Closet<\/strong><\/li>\n<\/ul>\n<\/td>\n<td>Plataforma de alquiler de ropa para ni\u00f1os de 0 a 3 a\u00f1os.<\/td>\n<\/tr>\n<tr>\n<td>\n<ul>\n<li><strong>Fiashion<\/strong><\/li>\n<\/ul>\n<\/td>\n<td>Plataforma con herramientas de IA para la creaci\u00f3n de nuevas marcas de moda.<\/td>\n<\/tr>\n<tr>\n<td>\n<ul>\n<li><strong>DCC Platform<\/strong><\/li>\n<\/ul>\n<\/td>\n<td>Plataforma para preservar las creaciones de comunidades textiles latinoamericanas.<\/td>\n<\/tr>\n<tr>\n<td>\n<ul>\n<li><strong>Decosta Design &amp; Management<\/strong><\/li>\n<\/ul>\n<\/td>\n<td>Plataforma digital para la gesti\u00f3n \u00f3ptima de la producci\u00f3n textil.<\/td>\n<\/tr>\n<\/tbody>\n<\/table>\n<h4><strong>CATEGOR\u00cdA: TEXTIL FUNCIONAL<\/strong><\/h4>\n<table>\n<tbody>\n<tr>\n<td>\n<ul>\n<li><strong>White Jacket<\/strong><\/li>\n<\/ul>\n<\/td>\n<td>Chaqueta para personas invidentes que les permite detectar objetos mediante vibraci\u00f3n.<\/td>\n<\/tr>\n<tr>\n<td>\n<ul>\n<li><strong>Hand Poem<\/strong><\/li>\n<\/ul>\n<\/td>\n<td>Guante sensorial para la mejora cognitiva de las personas.<\/td>\n<\/tr>\n<tr>\n<td>\n<ul>\n<li><strong>NiaLafoz<\/strong><\/li>\n<\/ul>\n<\/td>\n<td>Prendas de ropa de dise\u00f1o inclusivo para personas con diversidad funcional.<\/td>\n<\/tr>\n<tr>\n<td>\n<ul>\n<li><strong>Techno Textile Domains&nbsp; &nbsp; &nbsp; &nbsp; &nbsp; &nbsp; &nbsp; &nbsp; &nbsp;&nbsp;<\/strong><\/li>\n<\/ul>\n<\/td>\n<td>EPIs para prevenir accidentes laborales con tecnolog\u00eda incorporada.<\/td>\n<\/tr>\n<tr>\n<td>\n<ul>\n<li><strong>The Luna Toes<\/strong><\/li>\n<\/ul>\n<\/td>\n<td>Calcetines para la correcci\u00f3n funcional de la forma de los pies.<\/td>\n<\/tr>\n<\/tbody>\n<\/table>\t\t\t\t\t\t\t\t<\/div>\n\t\t\t\t<\/div>\n\t\t\t\t<div class=\"elementor-element elementor-element-284a31a elementor-widget elementor-widget-image\" data-id=\"284a31a\" data-element_type=\"widget\" data-e-type=\"widget\" data-settings=\"{&quot;tc_dark_mode_responsive_hide_in_dark&quot;:&quot;no&quot;,&quot;tc_dark_mode_responsive_hide_in_light&quot;:&quot;no&quot;}\" data-widget_type=\"image.default\">\n\t\t\t\t<div class=\"elementor-widget-container\">\n\t\t\t\t\t\t\t\t\t\t\t\t\t\t\t<img fetchpriority=\"high\" decoding=\"async\" width=\"1024\" height=\"476\" src=\"https:\/\/reimaginetextile.com\/wp-content\/uploads\/2024\/09\/footer-2-1024x476.jpg\" class=\"attachment-large size-large wp-image-9731\" alt=\"\" \/>\t\t\t\t\t\t\t\t\t\t\t\t\t\t\t<\/div>\n\t\t\t\t<\/div>\n\t\t\t\t\t<\/div>\n\t\t<\/div>\n\t\t\t\t\t<\/div>\n\t\t<\/section>\n\t\t\t\t\t<\/div>\n\t\t<\/div>\n\t\t\t\t\t<\/div>\n\t\t<\/section>\n\t\t<div class=\"elementor-element elementor-element-36ca381 e-flex e-con-boxed e-con e-parent\" data-id=\"36ca381\" data-element_type=\"container\" data-e-type=\"container\" data-settings=\"{&quot;tc_container_hover_selector&quot;:&quot;container&quot;,&quot;tc_container_background_parallax&quot;:&quot;no&quot;,&quot;tcg_advanced_hover&quot;:&quot;no&quot;,&quot;tc_dark_mode_responsive_hide_in_dark&quot;:&quot;no&quot;,&quot;tc_dark_mode_responsive_hide_in_light&quot;:&quot;no&quot;}\">\n\t\t\t\t\t<div class=\"e-con-inner\">\n\t\t\t\t<div class=\"elementor-element elementor-element-8f04ed5 elementor-widget elementor-widget-heading\" data-id=\"8f04ed5\" data-element_type=\"widget\" data-e-type=\"widget\" data-settings=\"{&quot;tc_dark_mode_responsive_hide_in_dark&quot;:&quot;no&quot;,&quot;tc_dark_mode_responsive_hide_in_light&quot;:&quot;no&quot;}\" data-widget_type=\"heading.default\">\n\t\t\t\t<div class=\"elementor-widget-container\">\n\t\t\t\t\t<h2 class=\"elementor-heading-title elementor-size-default\">A\u00f1ade aqu\u00ed tu texto de cabecera<\/h2>\t\t\t\t<\/div>\n\t\t\t\t<\/div>\n\t\t\t\t\t<\/div>\n\t\t\t\t<\/div>\n\t\t\t\t<\/div>\n\t\t","protected":false},"excerpt":{"rendered":"<p>D\u00eda: 18 de octubre de 2023Hora: 16h a 19hLugar:\u00a0Centro de Congresos TecnoCampus de Matar\u00f3Organizan: Ayuntamiento de Matar\u00f3, TecnoCampus y Eurecat Esta jornada promete ser una oportunidad \u00fanica para explorar el impacto que est\u00e1 teniendo la inteligencia artificial en la industria textil y descubrir cu\u00e1les son las tendencias que comienzan a dibujarse.&nbsp; Conecta con expertos y empresas l\u00edderes en el sector &hellip;<\/p>\n","protected":false},"author":7,"featured_media":9726,"comment_status":"closed","ping_status":"closed","sticky":false,"template":"","format":"standard","meta":{"footnotes":""},"categories":[50],"tags":[],"class_list":["post-12195","post","type-post","status-publish","format-standard","has-post-thumbnail","hentry","category-sin-categorizar"],"yoast_head":"<!-- This site is optimized with the Yoast SEO plugin v27.4 - https:\/\/yoast.com\/product\/yoast-seo-wordpress\/ -->\n<title>Jornada TEX &amp; TECH by Reimagine Textile, la jornada de innovaci\u00f3n del sector textil catal\u00e1n. - reimaginetextile<\/title>\n<meta name=\"robots\" content=\"index, follow, max-snippet:-1, max-image-preview:large, max-video-preview:-1\" \/>\n<link rel=\"canonical\" href=\"https:\/\/reimaginetextile.com\/es\/elementor-12195\/\" \/>\n<meta property=\"og:locale\" content=\"es_ES\" \/>\n<meta property=\"og:type\" content=\"article\" \/>\n<meta property=\"og:title\" content=\"Jornada TEX &amp; TECH by Reimagine Textile, la jornada de innovaci\u00f3n del sector textil catal\u00e1n. - reimaginetextile\" \/>\n<meta property=\"og:description\" content=\"D\u00eda: 18 de octubre de 2023Hora: 16h a 19hLugar:\u00a0Centro de Congresos TecnoCampus de Matar\u00f3Organizan: Ayuntamiento de Matar\u00f3, TecnoCampus y Eurecat Esta jornada promete ser una oportunidad \u00fanica para explorar el impacto que est\u00e1 teniendo la inteligencia artificial en la industria textil y descubrir cu\u00e1les son las tendencias que comienzan a dibujarse.&nbsp; Conecta con expertos y empresas l\u00edderes en el sector &hellip;\" \/>\n<meta property=\"og:url\" content=\"https:\/\/reimaginetextile.com\/es\/elementor-12195\/\" \/>\n<meta property=\"og:site_name\" content=\"reimaginetextile\" \/>\n<meta property=\"article:published_time\" content=\"2024-09-15T21:17:00+00:00\" \/>\n<meta property=\"article:modified_time\" content=\"2025-04-30T09:16:00+00:00\" \/>\n<meta property=\"og:image\" content=\"https:\/\/reimaginetextile.com\/wp-content\/uploads\/2024\/12\/header-scaled-2048x1024-1-scaled.jpg\" \/>\n\t<meta property=\"og:image:width\" content=\"1440\" \/>\n\t<meta property=\"og:image:height\" content=\"720\" \/>\n\t<meta property=\"og:image:type\" content=\"image\/jpeg\" \/>\n<meta name=\"author\" content=\"Laura Accensis\" \/>\n<meta name=\"twitter:card\" content=\"summary_large_image\" \/>\n<meta name=\"twitter:label1\" content=\"Escrito por\" \/>\n\t<meta name=\"twitter:data1\" content=\"Laura Accensis\" \/>\n\t<meta name=\"twitter:label2\" content=\"Tiempo de lectura\" \/>\n\t<meta name=\"twitter:data2\" content=\"3 minutos\" \/>\n<script type=\"application\/ld+json\" class=\"yoast-schema-graph\">{\"@context\":\"https:\\\/\\\/schema.org\",\"@graph\":[{\"@type\":\"Article\",\"@id\":\"https:\\\/\\\/reimaginetextile.com\\\/es\\\/elementor-12195\\\/#article\",\"isPartOf\":{\"@id\":\"https:\\\/\\\/reimaginetextile.com\\\/es\\\/elementor-12195\\\/\"},\"author\":{\"name\":\"Laura Accensis\",\"@id\":\"https:\\\/\\\/reimaginetextile.com\\\/#\\\/schema\\\/person\\\/8b47533543ac72ae85143835d477b89c\"},\"headline\":\"Jornada TEX &amp; TECH by Reimagine Textile, la jornada de innovaci\u00f3n del sector textil catal\u00e1n.\",\"datePublished\":\"2024-09-15T21:17:00+00:00\",\"dateModified\":\"2025-04-30T09:16:00+00:00\",\"mainEntityOfPage\":{\"@id\":\"https:\\\/\\\/reimaginetextile.com\\\/es\\\/elementor-12195\\\/\"},\"wordCount\":397,\"image\":{\"@id\":\"https:\\\/\\\/reimaginetextile.com\\\/es\\\/elementor-12195\\\/#primaryimage\"},\"thumbnailUrl\":\"https:\\\/\\\/reimaginetextile.com\\\/wp-content\\\/uploads\\\/2024\\\/12\\\/header-scaled-2048x1024-1-scaled.jpg\",\"articleSection\":[\"Sin categorizar\"],\"inLanguage\":\"es\"},{\"@type\":\"WebPage\",\"@id\":\"https:\\\/\\\/reimaginetextile.com\\\/es\\\/elementor-12195\\\/\",\"url\":\"https:\\\/\\\/reimaginetextile.com\\\/es\\\/elementor-12195\\\/\",\"name\":\"Jornada TEX &amp; TECH by Reimagine Textile, la jornada de innovaci\u00f3n del sector textil catal\u00e1n. - reimaginetextile\",\"isPartOf\":{\"@id\":\"https:\\\/\\\/reimaginetextile.com\\\/#website\"},\"primaryImageOfPage\":{\"@id\":\"https:\\\/\\\/reimaginetextile.com\\\/es\\\/elementor-12195\\\/#primaryimage\"},\"image\":{\"@id\":\"https:\\\/\\\/reimaginetextile.com\\\/es\\\/elementor-12195\\\/#primaryimage\"},\"thumbnailUrl\":\"https:\\\/\\\/reimaginetextile.com\\\/wp-content\\\/uploads\\\/2024\\\/12\\\/header-scaled-2048x1024-1-scaled.jpg\",\"datePublished\":\"2024-09-15T21:17:00+00:00\",\"dateModified\":\"2025-04-30T09:16:00+00:00\",\"author\":{\"@id\":\"https:\\\/\\\/reimaginetextile.com\\\/#\\\/schema\\\/person\\\/8b47533543ac72ae85143835d477b89c\"},\"breadcrumb\":{\"@id\":\"https:\\\/\\\/reimaginetextile.com\\\/es\\\/elementor-12195\\\/#breadcrumb\"},\"inLanguage\":\"es\",\"potentialAction\":[{\"@type\":\"ReadAction\",\"target\":[\"https:\\\/\\\/reimaginetextile.com\\\/es\\\/elementor-12195\\\/\"]}]},{\"@type\":\"ImageObject\",\"inLanguage\":\"es\",\"@id\":\"https:\\\/\\\/reimaginetextile.com\\\/es\\\/elementor-12195\\\/#primaryimage\",\"url\":\"https:\\\/\\\/reimaginetextile.com\\\/wp-content\\\/uploads\\\/2024\\\/12\\\/header-scaled-2048x1024-1-scaled.jpg\",\"contentUrl\":\"https:\\\/\\\/reimaginetextile.com\\\/wp-content\\\/uploads\\\/2024\\\/12\\\/header-scaled-2048x1024-1-scaled.jpg\",\"width\":1440,\"height\":720,\"caption\":\"textile\"},{\"@type\":\"BreadcrumbList\",\"@id\":\"https:\\\/\\\/reimaginetextile.com\\\/es\\\/elementor-12195\\\/#breadcrumb\",\"itemListElement\":[{\"@type\":\"ListItem\",\"position\":1,\"name\":\"Inici\",\"item\":\"https:\\\/\\\/reimaginetextile.com\\\/\"},{\"@type\":\"ListItem\",\"position\":2,\"name\":\"Jornada TEX &amp; TECH by Reimagine Textile, la jornada de innovaci\u00f3n del sector textil catal\u00e1n.\"}]},{\"@type\":\"WebSite\",\"@id\":\"https:\\\/\\\/reimaginetextile.com\\\/#website\",\"url\":\"https:\\\/\\\/reimaginetextile.com\\\/\",\"name\":\"pre.reimaginetextile\",\"description\":\"reimaginetextile\",\"potentialAction\":[{\"@type\":\"SearchAction\",\"target\":{\"@type\":\"EntryPoint\",\"urlTemplate\":\"https:\\\/\\\/reimaginetextile.com\\\/?s={search_term_string}\"},\"query-input\":{\"@type\":\"PropertyValueSpecification\",\"valueRequired\":true,\"valueName\":\"search_term_string\"}}],\"inLanguage\":\"es\"},{\"@type\":\"Person\",\"@id\":\"https:\\\/\\\/reimaginetextile.com\\\/#\\\/schema\\\/person\\\/8b47533543ac72ae85143835d477b89c\",\"name\":\"Laura Accensis\",\"image\":{\"@type\":\"ImageObject\",\"inLanguage\":\"es\",\"@id\":\"https:\\\/\\\/secure.gravatar.com\\\/avatar\\\/7ac2e71bfb8f720913006a04131521dd18946c2cfe3d88f947a69154a078cf9d?s=96&d=mm&r=g\",\"url\":\"https:\\\/\\\/secure.gravatar.com\\\/avatar\\\/7ac2e71bfb8f720913006a04131521dd18946c2cfe3d88f947a69154a078cf9d?s=96&d=mm&r=g\",\"contentUrl\":\"https:\\\/\\\/secure.gravatar.com\\\/avatar\\\/7ac2e71bfb8f720913006a04131521dd18946c2cfe3d88f947a69154a078cf9d?s=96&d=mm&r=g\",\"caption\":\"Laura Accensis\"},\"url\":\"https:\\\/\\\/reimaginetextile.com\\\/es\\\/author\\\/laura-accensis\\\/\"}]}<\/script>\n<!-- \/ Yoast SEO plugin. -->","yoast_head_json":{"title":"Jornada TEX &amp; TECH by Reimagine Textile, la jornada de innovaci\u00f3n del sector textil catal\u00e1n. - reimaginetextile","robots":{"index":"index","follow":"follow","max-snippet":"max-snippet:-1","max-image-preview":"max-image-preview:large","max-video-preview":"max-video-preview:-1"},"canonical":"https:\/\/reimaginetextile.com\/es\/elementor-12195\/","og_locale":"es_ES","og_type":"article","og_title":"Jornada TEX &amp; TECH by Reimagine Textile, la jornada de innovaci\u00f3n del sector textil catal\u00e1n. - reimaginetextile","og_description":"D\u00eda: 18 de octubre de 2023Hora: 16h a 19hLugar:\u00a0Centro de Congresos TecnoCampus de Matar\u00f3Organizan: Ayuntamiento de Matar\u00f3, TecnoCampus y Eurecat Esta jornada promete ser una oportunidad \u00fanica para explorar el impacto que est\u00e1 teniendo la inteligencia artificial en la industria textil y descubrir cu\u00e1les son las tendencias que comienzan a dibujarse.&nbsp; Conecta con expertos y empresas l\u00edderes en el sector &hellip;","og_url":"https:\/\/reimaginetextile.com\/es\/elementor-12195\/","og_site_name":"reimaginetextile","article_published_time":"2024-09-15T21:17:00+00:00","article_modified_time":"2025-04-30T09:16:00+00:00","og_image":[{"width":1440,"height":720,"url":"https:\/\/reimaginetextile.com\/wp-content\/uploads\/2024\/12\/header-scaled-2048x1024-1-scaled.jpg","type":"image\/jpeg"}],"author":"Laura Accensis","twitter_card":"summary_large_image","twitter_misc":{"Escrito por":"Laura Accensis","Tiempo de lectura":"3 minutos"},"schema":{"@context":"https:\/\/schema.org","@graph":[{"@type":"Article","@id":"https:\/\/reimaginetextile.com\/es\/elementor-12195\/#article","isPartOf":{"@id":"https:\/\/reimaginetextile.com\/es\/elementor-12195\/"},"author":{"name":"Laura Accensis","@id":"https:\/\/reimaginetextile.com\/#\/schema\/person\/8b47533543ac72ae85143835d477b89c"},"headline":"Jornada TEX &amp; TECH by Reimagine Textile, la jornada de innovaci\u00f3n del sector textil catal\u00e1n.","datePublished":"2024-09-15T21:17:00+00:00","dateModified":"2025-04-30T09:16:00+00:00","mainEntityOfPage":{"@id":"https:\/\/reimaginetextile.com\/es\/elementor-12195\/"},"wordCount":397,"image":{"@id":"https:\/\/reimaginetextile.com\/es\/elementor-12195\/#primaryimage"},"thumbnailUrl":"https:\/\/reimaginetextile.com\/wp-content\/uploads\/2024\/12\/header-scaled-2048x1024-1-scaled.jpg","articleSection":["Sin categorizar"],"inLanguage":"es"},{"@type":"WebPage","@id":"https:\/\/reimaginetextile.com\/es\/elementor-12195\/","url":"https:\/\/reimaginetextile.com\/es\/elementor-12195\/","name":"Jornada TEX &amp; TECH by Reimagine Textile, la jornada de innovaci\u00f3n del sector textil catal\u00e1n. - reimaginetextile","isPartOf":{"@id":"https:\/\/reimaginetextile.com\/#website"},"primaryImageOfPage":{"@id":"https:\/\/reimaginetextile.com\/es\/elementor-12195\/#primaryimage"},"image":{"@id":"https:\/\/reimaginetextile.com\/es\/elementor-12195\/#primaryimage"},"thumbnailUrl":"https:\/\/reimaginetextile.com\/wp-content\/uploads\/2024\/12\/header-scaled-2048x1024-1-scaled.jpg","datePublished":"2024-09-15T21:17:00+00:00","dateModified":"2025-04-30T09:16:00+00:00","author":{"@id":"https:\/\/reimaginetextile.com\/#\/schema\/person\/8b47533543ac72ae85143835d477b89c"},"breadcrumb":{"@id":"https:\/\/reimaginetextile.com\/es\/elementor-12195\/#breadcrumb"},"inLanguage":"es","potentialAction":[{"@type":"ReadAction","target":["https:\/\/reimaginetextile.com\/es\/elementor-12195\/"]}]},{"@type":"ImageObject","inLanguage":"es","@id":"https:\/\/reimaginetextile.com\/es\/elementor-12195\/#primaryimage","url":"https:\/\/reimaginetextile.com\/wp-content\/uploads\/2024\/12\/header-scaled-2048x1024-1-scaled.jpg","contentUrl":"https:\/\/reimaginetextile.com\/wp-content\/uploads\/2024\/12\/header-scaled-2048x1024-1-scaled.jpg","width":1440,"height":720,"caption":"textile"},{"@type":"BreadcrumbList","@id":"https:\/\/reimaginetextile.com\/es\/elementor-12195\/#breadcrumb","itemListElement":[{"@type":"ListItem","position":1,"name":"Inici","item":"https:\/\/reimaginetextile.com\/"},{"@type":"ListItem","position":2,"name":"Jornada TEX &amp; TECH by Reimagine Textile, la jornada de innovaci\u00f3n del sector textil catal\u00e1n."}]},{"@type":"WebSite","@id":"https:\/\/reimaginetextile.com\/#website","url":"https:\/\/reimaginetextile.com\/","name":"pre.reimaginetextile","description":"reimaginetextile","potentialAction":[{"@type":"SearchAction","target":{"@type":"EntryPoint","urlTemplate":"https:\/\/reimaginetextile.com\/?s={search_term_string}"},"query-input":{"@type":"PropertyValueSpecification","valueRequired":true,"valueName":"search_term_string"}}],"inLanguage":"es"},{"@type":"Person","@id":"https:\/\/reimaginetextile.com\/#\/schema\/person\/8b47533543ac72ae85143835d477b89c","name":"Laura Accensis","image":{"@type":"ImageObject","inLanguage":"es","@id":"https:\/\/secure.gravatar.com\/avatar\/7ac2e71bfb8f720913006a04131521dd18946c2cfe3d88f947a69154a078cf9d?s=96&d=mm&r=g","url":"https:\/\/secure.gravatar.com\/avatar\/7ac2e71bfb8f720913006a04131521dd18946c2cfe3d88f947a69154a078cf9d?s=96&d=mm&r=g","contentUrl":"https:\/\/secure.gravatar.com\/avatar\/7ac2e71bfb8f720913006a04131521dd18946c2cfe3d88f947a69154a078cf9d?s=96&d=mm&r=g","caption":"Laura Accensis"},"url":"https:\/\/reimaginetextile.com\/es\/author\/laura-accensis\/"}]}},"_links":{"self":[{"href":"https:\/\/reimaginetextile.com\/es\/wp-json\/wp\/v2\/posts\/12195","targetHints":{"allow":["GET"]}}],"collection":[{"href":"https:\/\/reimaginetextile.com\/es\/wp-json\/wp\/v2\/posts"}],"about":[{"href":"https:\/\/reimaginetextile.com\/es\/wp-json\/wp\/v2\/types\/post"}],"author":[{"embeddable":true,"href":"https:\/\/reimaginetextile.com\/es\/wp-json\/wp\/v2\/users\/7"}],"replies":[{"embeddable":true,"href":"https:\/\/reimaginetextile.com\/es\/wp-json\/wp\/v2\/comments?post=12195"}],"version-history":[{"count":1,"href":"https:\/\/reimaginetextile.com\/es\/wp-json\/wp\/v2\/posts\/12195\/revisions"}],"predecessor-version":[{"id":12204,"href":"https:\/\/reimaginetextile.com\/es\/wp-json\/wp\/v2\/posts\/12195\/revisions\/12204"}],"wp:featuredmedia":[{"embeddable":true,"href":"https:\/\/reimaginetextile.com\/es\/wp-json\/wp\/v2\/media\/9726"}],"wp:attachment":[{"href":"https:\/\/reimaginetextile.com\/es\/wp-json\/wp\/v2\/media?parent=12195"}],"wp:term":[{"taxonomy":"category","embeddable":true,"href":"https:\/\/reimaginetextile.com\/es\/wp-json\/wp\/v2\/categories?post=12195"},{"taxonomy":"post_tag","embeddable":true,"href":"https:\/\/reimaginetextile.com\/es\/wp-json\/wp\/v2\/tags?post=12195"}],"curies":[{"name":"wp","href":"https:\/\/api.w.org\/{rel}","templated":true}]}}